{"id":1857,"date":"2016-09-19T10:26:22","date_gmt":"2016-09-19T08:26:22","guid":{"rendered":"https:\/\/www.virtenio.com\/?p=1857"},"modified":"2019-02-19T10:50:44","modified_gmt":"2019-02-19T09:50:44","slug":"virtenio-stellt-sich-beim-uvb-industrieforum-vor","status":"publish","type":"post","link":"https:\/\/www.virtenio.com\/de\/blog\/virtenio-stellt-sich-beim-uvb-industrieforum-vor\/","title":{"rendered":"VIRTENIO stellt sich beim UVB-Industrieforum vor"},"content":{"rendered":"<div class=\"fusion-fullwidth fullwidth-box fusion-builder-row-1 nonhundred-percent-fullwidth non-hundred-percent-height-scrolling\" style=\"--awb-border-radius-top-left:0px;--awb-border-radius-top-right:0px;--awb-border-radius-bottom-right:0px;--awb-border-radius-bottom-left:0px;--awb-flex-wrap:wrap;\" ><div class=\"fusion-builder-row fusion-row\"><div class=\"fusion-layout-column fusion_builder_column fusion-builder-column-0 fusion_builder_column_1_1 1_1 fusion-one-full fusion-column-first fusion-column-last\" style=\"--awb-bg-size:cover;\"><div class=\"fusion-column-wrapper fusion-flex-column-wrapper-legacy\"><div class=\"fusion-image-element fusion-image-align-right in-legacy-container\" style=\"text-align:right;--awb-caption-title-font-family:var(--h2_typography-font-family);--awb-caption-title-font-weight:var(--h2_typography-font-weight);--awb-caption-title-font-style:var(--h2_typography-font-style);--awb-caption-title-size:var(--h2_typography-font-size);--awb-caption-title-transform:var(--h2_typography-text-transform);--awb-caption-title-line-height:var(--h2_typography-line-height);--awb-caption-title-letter-spacing:var(--h2_typography-letter-spacing);\"><span class=\" fusion-imageframe imageframe-none imageframe-1 hover-type-none\" style=\"margin-left:25px;float:right;\"><img decoding=\"async\" width=\"150\" height=\"69\" title=\"Button_uvb_industrieforum\" src=\"data:image\/svg+xml,%3Csvg%20xmlns%3D%27http%3A%2F%2Fwww.w3.org%2F2000%2Fsvg%27%20width%3D%27252%27%20height%3D%2769%27%20viewBox%3D%270%200%20252%2069%27%3E%3Crect%20width%3D%27252%27%20height%3D%2769%27%20fill-opacity%3D%220%22%2F%3E%3C%2Fsvg%3E\" data-orig-src=\"https:\/\/www.virtenio.com\/wp-content\/uploads\/2019\/02\/Button_uvb_industrieforum-150x69.png\" alt class=\"lazyload img-responsive wp-image-1858\"\/><\/span><\/div><div class=\"fusion-text fusion-text-1\"><p>Mit der Formel &#8222;Frische Ideen vs. etablierte Unternehmen: Wie die UVB Br\u00fccken schl\u00e4gt und alle etwas davon haben&#8220; fassten die Unternehmensverb\u00e4nde Berlin-Brandenburg das Industrieforum vom 19.09.2016 zusammen, das zudem auch die Auftaktveranstaltung der Woche der Industrie in Berlin darstellte. Vor 200 Teilnehmern aus Wirtschaft, Wissenschaft und Politik durfte Virtenio sich und seinen Beitrag zur Zukunft der Hauptstadtregion vorstellen und in einem Vortrag deutlich machen, wie Start-Ups mit der &#8222;Old-Economy&#8220; besser zusammenarbeiten k\u00f6nnen. Dabei tauschten sich u.a. Dr. Niehage (Pr\u00e4sident UVB) und der Hauptgesch\u00e4ftsf\u00fchrer des UVB, Christian Amsinck, auch pers\u00f6nlich mit Virtenio aus.<\/p>\n<\/div><div class=\"fusion-clearfix\"><\/div><\/div><\/div><div class=\"fusion-layout-column fusion_builder_column fusion-builder-column-1 fusion_builder_column_1_2 1_2 fusion-one-half fusion-column-first\" style=\"--awb-bg-size:cover;width:50%;width:calc(50% - ( ( 4% ) * 0.5 ) );margin-right: 4%;\"><div class=\"fusion-column-wrapper fusion-flex-column-wrapper-legacy\"><div class=\"fusion-image-element fusion-image-align-center in-legacy-container\" style=\"text-align:center;--awb-caption-title-font-family:var(--h2_typography-font-family);--awb-caption-title-font-weight:var(--h2_typography-font-weight);--awb-caption-title-font-style:var(--h2_typography-font-style);--awb-caption-title-size:var(--h2_typography-font-size);--awb-caption-title-transform:var(--h2_typography-text-transform);--awb-caption-title-line-height:var(--h2_typography-line-height);--awb-caption-title-letter-spacing:var(--h2_typography-letter-spacing);\"><div class=\"imageframe-align-center\"><span class=\" fusion-imageframe imageframe-none imageframe-2 hover-type-none\"><img decoding=\"async\" width=\"720\" height=\"400\" title=\"uvb_industrieforum_1\" src=\"https:\/\/www.virtenio.com\/wp-content\/uploads\/2019\/02\/uvb_industrieforum_1.jpg\" data-orig-src=\"https:\/\/www.virtenio.com\/wp-content\/uploads\/2019\/02\/uvb_industrieforum_1.jpg\" alt class=\"lazyload img-responsive wp-image-1860\" srcset=\"data:image\/svg+xml,%3Csvg%20xmlns%3D%27http%3A%2F%2Fwww.w3.org%2F2000%2Fsvg%27%20width%3D%27720%27%20height%3D%27400%27%20viewBox%3D%270%200%20720%20400%27%3E%3Crect%20width%3D%27720%27%20height%3D%27400%27%20fill-opacity%3D%220%22%2F%3E%3C%2Fsvg%3E\" data-srcset=\"https:\/\/www.virtenio.com\/wp-content\/uploads\/2019\/02\/uvb_industrieforum_1-200x111.jpg 200w, https:\/\/www.virtenio.com\/wp-content\/uploads\/2019\/02\/uvb_industrieforum_1-400x222.jpg 400w, https:\/\/www.virtenio.com\/wp-content\/uploads\/2019\/02\/uvb_industrieforum_1-600x333.jpg 600w, https:\/\/www.virtenio.com\/wp-content\/uploads\/2019\/02\/uvb_industrieforum_1.jpg 720w\" data-sizes=\"auto\" data-orig-sizes=\"(max-width: 960px) 100vw, 600px\" \/><\/span><\/div><\/div><div class=\"fusion-text fusion-text-2\"><p style=\"text-align: center;\">\u00a9 UVB: Dr. Niehage (UVB) im Gespr\u00e4che mit Henn<\/p>\n<\/div><div class=\"fusion-clearfix\"><\/div><\/div><\/div><div class=\"fusion-layout-column fusion_builder_column fusion-builder-column-2 fusion_builder_column_1_2 1_2 fusion-one-half fusion-column-last\" style=\"--awb-bg-size:cover;width:50%;width:calc(50% - ( ( 4% ) * 0.5 ) );\"><div class=\"fusion-column-wrapper fusion-flex-column-wrapper-legacy\"><div class=\"fusion-image-element fusion-image-align-center in-legacy-container\" style=\"text-align:center;--awb-caption-title-font-family:var(--h2_typography-font-family);--awb-caption-title-font-weight:var(--h2_typography-font-weight);--awb-caption-title-font-style:var(--h2_typography-font-style);--awb-caption-title-size:var(--h2_typography-font-size);--awb-caption-title-transform:var(--h2_typography-text-transform);--awb-caption-title-line-height:var(--h2_typography-line-height);--awb-caption-title-letter-spacing:var(--h2_typography-letter-spacing);\"><div class=\"imageframe-align-center\"><span class=\" fusion-imageframe imageframe-none imageframe-3 hover-type-none\"><img decoding=\"async\" width=\"720\" height=\"400\" title=\"uvb_industrieforum_2\" src=\"https:\/\/www.virtenio.com\/wp-content\/uploads\/2019\/02\/uvb_industrieforum_2.jpg\" data-orig-src=\"https:\/\/www.virtenio.com\/wp-content\/uploads\/2019\/02\/uvb_industrieforum_2.jpg\" alt class=\"lazyload img-responsive wp-image-1862\" srcset=\"data:image\/svg+xml,%3Csvg%20xmlns%3D%27http%3A%2F%2Fwww.w3.org%2F2000%2Fsvg%27%20width%3D%27720%27%20height%3D%27400%27%20viewBox%3D%270%200%20720%20400%27%3E%3Crect%20width%3D%27720%27%20height%3D%27400%27%20fill-opacity%3D%220%22%2F%3E%3C%2Fsvg%3E\" data-srcset=\"https:\/\/www.virtenio.com\/wp-content\/uploads\/2019\/02\/uvb_industrieforum_2-200x111.jpg 200w, https:\/\/www.virtenio.com\/wp-content\/uploads\/2019\/02\/uvb_industrieforum_2-400x222.jpg 400w, https:\/\/www.virtenio.com\/wp-content\/uploads\/2019\/02\/uvb_industrieforum_2-600x333.jpg 600w, https:\/\/www.virtenio.com\/wp-content\/uploads\/2019\/02\/uvb_industrieforum_2.jpg 720w\" data-sizes=\"auto\" data-orig-sizes=\"(max-width: 960px) 100vw, 600px\" \/><\/span><\/div><\/div><div class=\"fusion-text fusion-text-3\"><p style=\"text-align: center;\">\u00a9 UVB: VIRTENIO (Henn) und weitere Referenten<\/p>\n<\/div><div class=\"fusion-clearfix\"><\/div><\/div><\/div><div class=\"fusion-layout-column fusion_builder_column fusion-builder-column-3 fusion_builder_column_1_1 1_1 fusion-one-full fusion-column-first fusion-column-last\" style=\"--awb-bg-size:cover;\"><div class=\"fusion-column-wrapper fusion-flex-column-wrapper-legacy\"><div class=\"fusion-title title fusion-title-1 fusion-sep-none fusion-title-text fusion-title-size-four\"><h4 class=\"fusion-title-heading title-heading-left fusion-responsive-typography-calculated\" style=\"margin:0;--fontSize:18;--minFontSize:18;line-height:1.3;\">Links<\/h4><\/div><div class=\"fusion-text fusion-text-4\"><ul>\n<li><a href=\"http:\/\/www.uvb-online.de\/de\/industrieforum-wenn-gegensaetze-einander-anziehen\" target=\"_blank\" rel=\"noopener\">Artikel UVB-Online vom 19.09.2016<\/a><\/li>\n<\/ul>\n<\/div><div class=\"fusion-clearfix\"><\/div><\/div><\/div><\/div><\/div>\n","protected":false},"excerpt":{"rendered":"","protected":false},"author":4,"featured_media":1860,"comment_status":"closed","ping_status":"closed","sticky":false,"template":"","format":"standard","meta":{"footnotes":""},"categories":[1],"tags":[],"class_list":["post-1857","post","type-post","status-publish","format-standard","has-post-thumbnail","hentry","category-aktuelles"],"_links":{"self":[{"href":"https:\/\/www.virtenio.com\/de\/wp-json\/wp\/v2\/posts\/1857","targetHints":{"allow":["GET"]}}],"collection":[{"href":"https:\/\/www.virtenio.com\/de\/wp-json\/wp\/v2\/posts"}],"about":[{"href":"https:\/\/www.virtenio.com\/de\/wp-json\/wp\/v2\/types\/post"}],"author":[{"embeddable":true,"href":"https:\/\/www.virtenio.com\/de\/wp-json\/wp\/v2\/users\/4"}],"replies":[{"embeddable":true,"href":"https:\/\/www.virtenio.com\/de\/wp-json\/wp\/v2\/comments?post=1857"}],"version-history":[{"count":4,"href":"https:\/\/www.virtenio.com\/de\/wp-json\/wp\/v2\/posts\/1857\/revisions"}],"predecessor-version":[{"id":1871,"href":"https:\/\/www.virtenio.com\/de\/wp-json\/wp\/v2\/posts\/1857\/revisions\/1871"}],"wp:featuredmedia":[{"embeddable":true,"href":"https:\/\/www.virtenio.com\/de\/wp-json\/wp\/v2\/media\/1860"}],"wp:attachment":[{"href":"https:\/\/www.virtenio.com\/de\/wp-json\/wp\/v2\/media?parent=1857"}],"wp:term":[{"taxonomy":"category","embeddable":true,"href":"https:\/\/www.virtenio.com\/de\/wp-json\/wp\/v2\/categories?post=1857"},{"taxonomy":"post_tag","embeddable":true,"href":"https:\/\/www.virtenio.com\/de\/wp-json\/wp\/v2\/tags?post=1857"}],"curies":[{"name":"wp","href":"https:\/\/api.w.org\/{rel}","templated":true}]}}