{"id":1872,"date":"2016-07-01T10:53:35","date_gmt":"2016-07-01T08:53:35","guid":{"rendered":"https:\/\/www.virtenio.com\/?p=1872"},"modified":"2019-02-19T10:57:35","modified_gmt":"2019-02-19T09:57:35","slug":"bundesvereinigung-logistik-bvl-unterstuetzt-virtenio","status":"publish","type":"post","link":"https:\/\/www.virtenio.com\/de\/blog\/bundesvereinigung-logistik-bvl-unterstuetzt-virtenio\/","title":{"rendered":"Bundesvereinigung Logistik BVL unterst\u00fctzt Virtenio"},"content":{"rendered":"<div class=\"fusion-fullwidth fullwidth-box fusion-builder-row-1 nonhundred-percent-fullwidth non-hundred-percent-height-scrolling\" style=\"--awb-border-radius-top-left:0px;--awb-border-radius-top-right:0px;--awb-border-radius-bottom-right:0px;--awb-border-radius-bottom-left:0px;--awb-flex-wrap:wrap;\" ><div class=\"fusion-builder-row fusion-row\"><div class=\"fusion-layout-column fusion_builder_column fusion-builder-column-0 fusion_builder_column_1_1 1_1 fusion-one-full fusion-column-first fusion-column-last\" style=\"--awb-bg-size:cover;\"><div class=\"fusion-column-wrapper fusion-flex-column-wrapper-legacy\"><div class=\"fusion-image-element fusion-image-align-right in-legacy-container\" style=\"text-align:right;--awb-caption-title-font-family:var(--h2_typography-font-family);--awb-caption-title-font-weight:var(--h2_typography-font-weight);--awb-caption-title-font-style:var(--h2_typography-font-style);--awb-caption-title-size:var(--h2_typography-font-size);--awb-caption-title-transform:var(--h2_typography-text-transform);--awb-caption-title-line-height:var(--h2_typography-line-height);--awb-caption-title-letter-spacing:var(--h2_typography-letter-spacing);\"><span class=\" fusion-imageframe imageframe-none imageframe-1 hover-type-none\" style=\"margin-left:25px;float:right;\"><img decoding=\"async\" width=\"150\" height=\"150\" title=\"bvl\" src=\"data:image\/svg+xml,%3Csvg%20xmlns%3D%27http%3A%2F%2Fwww.w3.org%2F2000%2Fsvg%27%20width%3D%27250%27%20height%3D%27202%27%20viewBox%3D%270%200%20250%20202%27%3E%3Crect%20width%3D%27250%27%20height%3D%27202%27%20fill-opacity%3D%220%22%2F%3E%3C%2Fsvg%3E\" data-orig-src=\"https:\/\/www.virtenio.com\/wp-content\/uploads\/2019\/02\/bvl-150x150.png\" alt class=\"lazyload img-responsive wp-image-1873\"\/><\/span><\/div><div class=\"fusion-text fusion-text-1\"><p>Ab dem 1. Juli 2016 stellt die Bundesvereinigung Logistik auf seiner Website und im BVL-Magazin Virtenio seinen Mitgliedern vor und gibt dem jungen Unternehmen aus Berlin die Chance, seine innovativen Produkte und L\u00f6sungen rund um die &#8222;Digital Supply Chain&#8220; zu pr\u00e4sentieren. Zudem wird Virtenio auf dem vom 19. bis 21. Oktober stattfindenden Deutschen Logistiker Kongress vertreten sein. Virtenio erh\u00e4lt als ausgew\u00e4hltes Start-Up diese besondere M\u00f6glichkeit.<\/p>\n<\/div><div class=\"fusion-clearfix\"><\/div><\/div><\/div><div class=\"fusion-layout-column fusion_builder_column fusion-builder-column-1 fusion_builder_column_1_1 1_1 fusion-one-full fusion-column-first fusion-column-last\" style=\"--awb-bg-size:cover;\"><div class=\"fusion-column-wrapper fusion-flex-column-wrapper-legacy\"><div class=\"fusion-title title fusion-title-1 fusion-sep-none fusion-title-text fusion-title-size-four\"><h4 class=\"fusion-title-heading title-heading-left fusion-responsive-typography-calculated\" style=\"margin:0;--fontSize:18;--minFontSize:18;line-height:1.3;\">Links<\/h4><\/div><div class=\"fusion-text fusion-text-2\"><ul>\n<li><a href=\"http:\/\/www.bvl.de\/netzwerk\/online\/startups-corner\/virtenio\" target=\"_blank\" rel=\"nofollow noopener\">Virtenio Darstellung in BVL Start-Up-Corner <\/a><\/li>\n<\/ul>\n<\/div><div class=\"fusion-clearfix\"><\/div><\/div><\/div><\/div><\/div>\n","protected":false},"excerpt":{"rendered":"","protected":false},"author":4,"featured_media":1878,"comment_status":"closed","ping_status":"closed","sticky":false,"template":"","format":"standard","meta":{"footnotes":""},"categories":[1],"tags":[],"class_list":["post-1872","post","type-post","status-publish","format-standard","has-post-thumbnail","hentry","category-aktuelles"],"_links":{"self":[{"href":"https:\/\/www.virtenio.com\/de\/wp-json\/wp\/v2\/posts\/1872","targetHints":{"allow":["GET"]}}],"collection":[{"href":"https:\/\/www.virtenio.com\/de\/wp-json\/wp\/v2\/posts"}],"about":[{"href":"https:\/\/www.virtenio.com\/de\/wp-json\/wp\/v2\/types\/post"}],"author":[{"embeddable":true,"href":"https:\/\/www.virtenio.com\/de\/wp-json\/wp\/v2\/users\/4"}],"replies":[{"embeddable":true,"href":"https:\/\/www.virtenio.com\/de\/wp-json\/wp\/v2\/comments?post=1872"}],"version-history":[{"count":3,"href":"https:\/\/www.virtenio.com\/de\/wp-json\/wp\/v2\/posts\/1872\/revisions"}],"predecessor-version":[{"id":1877,"href":"https:\/\/www.virtenio.com\/de\/wp-json\/wp\/v2\/posts\/1872\/revisions\/1877"}],"wp:featuredmedia":[{"embeddable":true,"href":"https:\/\/www.virtenio.com\/de\/wp-json\/wp\/v2\/media\/1878"}],"wp:attachment":[{"href":"https:\/\/www.virtenio.com\/de\/wp-json\/wp\/v2\/media?parent=1872"}],"wp:term":[{"taxonomy":"category","embeddable":true,"href":"https:\/\/www.virtenio.com\/de\/wp-json\/wp\/v2\/categories?post=1872"},{"taxonomy":"post_tag","embeddable":true,"href":"https:\/\/www.virtenio.com\/de\/wp-json\/wp\/v2\/tags?post=1872"}],"curies":[{"name":"wp","href":"https:\/\/api.w.org\/{rel}","templated":true}]}}