{"id":4790,"date":"2018-11-21T10:06:20","date_gmt":"2018-11-21T09:06:20","guid":{"rendered":"https:\/\/www.virtenio.com\/?p=4790"},"modified":"2019-11-07T12:48:11","modified_gmt":"2019-11-07T11:48:11","slug":"mittelstandskonferenz-2018-shopfloor-monitoring-und-uwb-lokalisierung-zum-anfassen","status":"publish","type":"post","link":"https:\/\/www.virtenio.com\/de\/blog\/mittelstandskonferenz-2018-shopfloor-monitoring-und-uwb-lokalisierung-zum-anfassen\/","title":{"rendered":"Mittelstandskonferenz 2018: Shopfloor Monitoring und UWB Lokalisierung zum Anfassen"},"content":{"rendered":"<div class=\"fusion-fullwidth fullwidth-box fusion-builder-row-1 nonhundred-percent-fullwidth non-hundred-percent-height-scrolling\" style=\"--awb-border-radius-top-left:0px;--awb-border-radius-top-right:0px;--awb-border-radius-bottom-right:0px;--awb-border-radius-bottom-left:0px;--awb-flex-wrap:wrap;\" ><div class=\"fusion-builder-row fusion-row\"><div class=\"fusion-layout-column fusion_builder_column fusion-builder-column-0 fusion_builder_column_1_3 1_3 fusion-one-third fusion-column-first\" style=\"--awb-bg-size:cover;width:33.333333333333%;width:calc(33.333333333333% - ( ( 4% ) * 0.33333333333333 ) );margin-right: 4%;\"><div class=\"fusion-column-wrapper fusion-column-has-shadow fusion-flex-column-wrapper-legacy\"><div class=\"fusion-image-element in-legacy-container\" style=\"--awb-caption-title-font-family:var(--h2_typography-font-family);--awb-caption-title-font-weight:var(--h2_typography-font-weight);--awb-caption-title-font-style:var(--h2_typography-font-style);--awb-caption-title-size:var(--h2_typography-font-size);--awb-caption-title-transform:var(--h2_typography-text-transform);--awb-caption-title-line-height:var(--h2_typography-line-height);--awb-caption-title-letter-spacing:var(--h2_typography-letter-spacing);\"><span class=\" fusion-imageframe imageframe-none imageframe-1 hover-type-none\"><img decoding=\"async\" width=\"300\" height=\"300\" title=\"mittelstandskonferenz_2018\" src=\"https:\/\/www.virtenio.com\/wp-content\/uploads\/2019\/07\/mittelstandskonferenz_2018.jpg\" data-orig-src=\"https:\/\/www.virtenio.com\/wp-content\/uploads\/2019\/07\/mittelstandskonferenz_2018-300x300.jpg\" alt class=\"lazyload img-responsive wp-image-4792\" srcset=\"data:image\/svg+xml,%3Csvg%20xmlns%3D%27http%3A%2F%2Fwww.w3.org%2F2000%2Fsvg%27%20width%3D%27500%27%20height%3D%27500%27%20viewBox%3D%270%200%20500%20500%27%3E%3Crect%20width%3D%27500%27%20height%3D%27500%27%20fill-opacity%3D%220%22%2F%3E%3C%2Fsvg%3E\" data-srcset=\"https:\/\/www.virtenio.com\/wp-content\/uploads\/2019\/07\/mittelstandskonferenz_2018-200x200.jpg 200w, https:\/\/www.virtenio.com\/wp-content\/uploads\/2019\/07\/mittelstandskonferenz_2018-400x400.jpg 400w, https:\/\/www.virtenio.com\/wp-content\/uploads\/2019\/07\/mittelstandskonferenz_2018.jpg 500w\" data-sizes=\"auto\" data-orig-sizes=\"(max-width: 960px) 100vw, 400px\" \/><\/span><\/div><div class=\"fusion-clearfix\"><\/div><\/div><\/div><div class=\"fusion-layout-column fusion_builder_column fusion-builder-column-1 fusion_builder_column_2_3 2_3 fusion-two-third fusion-column-last\" style=\"--awb-bg-size:cover;width:66.666666666667%;width:calc(66.666666666667% - ( ( 4% ) * 0.66666666666667 ) );\"><div class=\"fusion-column-wrapper fusion-column-has-shadow fusion-flex-column-wrapper-legacy\"><div class=\"fusion-text fusion-text-1\"><p>Das Bundesministerium f\u00fcr Bildung und Forschung (BMBF) veranstaltete am 19. und 20. November 2018 die 6. Fachtagung zum F\u00f6rderschwerpunkt \u201eKMU-innovativ\u201c als Mittelstandskonferenz. Das Ministerium hat dazu auch Vertreter von kleinen und mittleren Unternehmen (KMU) aus weiteren BMBF-F\u00f6rderma\u00dfnahmen im IKT-Bereich zur Diskussion und Vernetzung eingeladen. Teilnehmer waren Projektbeteiligte der F\u00f6rderma\u00dfnahme &#8222;KMU-innovativ&#8220; mit den Technologiebereichen bspw. Industrie 4.0, Kommunikationssysteme, IT-Sicherheit oder Produktionsforschung.<\/p>\n<p>Im Rahmen des Forschungs- und Verbundprojektes DRAISE pr\u00e4sentierte Virtenio zusammen mit der Technische Universit\u00e4t Hamburg (TUHH, Comnets, Prof. Andreas Timm-Giel) und der Technische Hochschule L\u00fcbeck (THL, CoSA Kompetenzzentrum, Prof. Horst Hellbr\u00fcck) den aktuellen Stand der Forschungsarbeiten zum Vorhaben im Bereich &#8222;Shopfloor condition Monitoring in Echtzeit&#8220; in Verbindung mit UWB Lokalisierung, sowohl in einer Poster-Session als auch in einem Live-Demonstrator in Form eines digitalisierten Transportwagen aus der Produktionslogistik.<\/p>\n<\/div><div class=\"fusion-clearfix\"><\/div><\/div><\/div><\/div><\/div>\n","protected":false},"excerpt":{"rendered":"","protected":false},"author":3,"featured_media":4791,"comment_status":"closed","ping_status":"closed","sticky":false,"template":"","format":"standard","meta":{"footnotes":""},"categories":[1],"tags":[],"class_list":["post-4790","post","type-post","status-publish","format-standard","has-post-thumbnail","hentry","category-aktuelles"],"_links":{"self":[{"href":"https:\/\/www.virtenio.com\/de\/wp-json\/wp\/v2\/posts\/4790","targetHints":{"allow":["GET"]}}],"collection":[{"href":"https:\/\/www.virtenio.com\/de\/wp-json\/wp\/v2\/posts"}],"about":[{"href":"https:\/\/www.virtenio.com\/de\/wp-json\/wp\/v2\/types\/post"}],"author":[{"embeddable":true,"href":"https:\/\/www.virtenio.com\/de\/wp-json\/wp\/v2\/users\/3"}],"replies":[{"embeddable":true,"href":"https:\/\/www.virtenio.com\/de\/wp-json\/wp\/v2\/comments?post=4790"}],"version-history":[{"count":5,"href":"https:\/\/www.virtenio.com\/de\/wp-json\/wp\/v2\/posts\/4790\/revisions"}],"predecessor-version":[{"id":6312,"href":"https:\/\/www.virtenio.com\/de\/wp-json\/wp\/v2\/posts\/4790\/revisions\/6312"}],"wp:featuredmedia":[{"embeddable":true,"href":"https:\/\/www.virtenio.com\/de\/wp-json\/wp\/v2\/media\/4791"}],"wp:attachment":[{"href":"https:\/\/www.virtenio.com\/de\/wp-json\/wp\/v2\/media?parent=4790"}],"wp:term":[{"taxonomy":"category","embeddable":true,"href":"https:\/\/www.virtenio.com\/de\/wp-json\/wp\/v2\/categories?post=4790"},{"taxonomy":"post_tag","embeddable":true,"href":"https:\/\/www.virtenio.com\/de\/wp-json\/wp\/v2\/tags?post=4790"}],"curies":[{"name":"wp","href":"https:\/\/api.w.org\/{rel}","templated":true}]}}