{"id":4800,"date":"2018-04-24T18:40:56","date_gmt":"2018-04-24T16:40:56","guid":{"rendered":"https:\/\/www.virtenio.com\/?p=4800"},"modified":"2019-07-11T18:10:09","modified_gmt":"2019-07-11T16:10:09","slug":"hmi-2018-peter-altmaier-bm-welcker-vdma-und-ziesemer-zvei-informieren-sich","status":"publish","type":"post","link":"https:\/\/www.virtenio.com\/de\/blog\/hmi-2018-peter-altmaier-bm-welcker-vdma-und-ziesemer-zvei-informieren-sich\/","title":{"rendered":"HMI 2018 &#8211; Peter Altmaier (BM) , Welcker (VDMA) und Ziesemer (ZVEI) informieren sich"},"content":{"rendered":"<p><div class=\"fusion-fullwidth fullwidth-box fusion-builder-row-1 nonhundred-percent-fullwidth non-hundred-percent-height-scrolling\" style=\"--awb-border-radius-top-left:0px;--awb-border-radius-top-right:0px;--awb-border-radius-bottom-right:0px;--awb-border-radius-bottom-left:0px;--awb-flex-wrap:wrap;\" ><div class=\"fusion-builder-row fusion-row\"><div class=\"fusion-layout-column fusion_builder_column fusion-builder-column-0 fusion_builder_column_1_1 1_1 fusion-one-full fusion-column-first fusion-column-last\" style=\"--awb-bg-size:cover;\"><div class=\"fusion-column-wrapper fusion-column-has-shadow fusion-flex-column-wrapper-legacy\"><div class=\"fusion-image-element in-legacy-container\" style=\"--awb-caption-title-font-family:var(--h2_typography-font-family);--awb-caption-title-font-weight:var(--h2_typography-font-weight);--awb-caption-title-font-style:var(--h2_typography-font-style);--awb-caption-title-size:var(--h2_typography-font-size);--awb-caption-title-transform:var(--h2_typography-text-transform);--awb-caption-title-line-height:var(--h2_typography-line-height);--awb-caption-title-letter-spacing:var(--h2_typography-letter-spacing);\"><span class=\" fusion-imageframe imageframe-none imageframe-1 hover-type-none\"><img decoding=\"async\" width=\"300\" height=\"250\" title=\"hmi2018_altmaier_welcker_ziesemer\" src=\"https:\/\/www.virtenio.com\/wp-content\/uploads\/2019\/07\/hmi2018_altmaier_welcker_ziesemer.jpg\" data-orig-src=\"https:\/\/www.virtenio.com\/wp-content\/uploads\/2019\/07\/hmi2018_altmaier_welcker_ziesemer-300x250.jpg\" alt class=\"lazyload img-responsive wp-image-4801\" srcset=\"data:image\/svg+xml,%3Csvg%20xmlns%3D%27http%3A%2F%2Fwww.w3.org%2F2000%2Fsvg%27%20width%3D%27600%27%20height%3D%27500%27%20viewBox%3D%270%200%20600%20500%27%3E%3Crect%20width%3D%27600%27%20height%3D%27500%27%20fill-opacity%3D%220%22%2F%3E%3C%2Fsvg%3E\" data-srcset=\"https:\/\/www.virtenio.com\/wp-content\/uploads\/2019\/07\/hmi2018_altmaier_welcker_ziesemer-200x167.jpg 200w, https:\/\/www.virtenio.com\/wp-content\/uploads\/2019\/07\/hmi2018_altmaier_welcker_ziesemer-400x333.jpg 400w, https:\/\/www.virtenio.com\/wp-content\/uploads\/2019\/07\/hmi2018_altmaier_welcker_ziesemer.jpg 600w\" data-sizes=\"auto\" data-orig-sizes=\"(max-width: 960px) 100vw, 300px\" \/><\/span><\/div><div class=\"fusion-clearfix\"><\/div><\/div><\/div><\/div><\/div><div class=\"fusion-fullwidth fullwidth-box fusion-builder-row-2 nonhundred-percent-fullwidth non-hundred-percent-height-scrolling\" style=\"--awb-border-radius-top-left:0px;--awb-border-radius-top-right:0px;--awb-border-radius-bottom-right:0px;--awb-border-radius-bottom-left:0px;--awb-flex-wrap:wrap;\" ><div class=\"fusion-builder-row fusion-row\"><div class=\"fusion-layout-column fusion_builder_column fusion-builder-column-1 fusion_builder_column_1_1 1_1 fusion-one-full fusion-column-first fusion-column-last\" style=\"--awb-bg-size:cover;\"><div class=\"fusion-column-wrapper fusion-column-has-shadow fusion-flex-column-wrapper-legacy\"><div class=\"fusion-text fusion-text-1\"><p>Bundeswirtschaftsminister Peter Altmaier besuchte am 24. April 2018 die weltweit wichtigste Industriemesse HANNOVER MESSE, die in diesem Jahr unter dem Titel \u201eIntegrated Industry &#8211; Connect &amp; Collaborate\u201c durchgef\u00fchrt wurde. Auf seinen Messerundgang zusammen mit VDMA-Pr\u00e4sident Carl Martin Welcker und ZVEI-Pr\u00e4sident Michael Ziesemer besuchte Peter Altmaier den Messestand der Virtenio GmbH. In einer fundierten und <span class=\"ILfuVd\"><span class=\"e24Kjd\">gutgelaunten <\/span><\/span>Diskussion wurden die Leitthemen der Messe der vernetztem Industrie und Digitalisierung\u00a0 in Zusammenhang mit den L\u00f6sungen der Virtenio GmbH f\u00fcr globale Lieferketten reflexiert. Auf die Frage, wo die Politik bei der Digitalisierung helfen k\u00f6nne antwortet Altmaier verschmitzt: &#8222;Das m\u00fcssen Sie mir sagen.&#8220;<\/p>\n<\/div><div class=\"fusion-clearfix\"><\/div><\/div><\/div><\/div><\/div><\/p>\n","protected":false},"excerpt":{"rendered":"","protected":false},"author":3,"featured_media":4801,"comment_status":"closed","ping_status":"closed","sticky":false,"template":"","format":"standard","meta":{"footnotes":""},"categories":[1],"tags":[],"class_list":["post-4800","post","type-post","status-publish","format-standard","has-post-thumbnail","hentry","category-aktuelles"],"_links":{"self":[{"href":"https:\/\/www.virtenio.com\/de\/wp-json\/wp\/v2\/posts\/4800","targetHints":{"allow":["GET"]}}],"collection":[{"href":"https:\/\/www.virtenio.com\/de\/wp-json\/wp\/v2\/posts"}],"about":[{"href":"https:\/\/www.virtenio.com\/de\/wp-json\/wp\/v2\/types\/post"}],"author":[{"embeddable":true,"href":"https:\/\/www.virtenio.com\/de\/wp-json\/wp\/v2\/users\/3"}],"replies":[{"embeddable":true,"href":"https:\/\/www.virtenio.com\/de\/wp-json\/wp\/v2\/comments?post=4800"}],"version-history":[{"count":3,"href":"https:\/\/www.virtenio.com\/de\/wp-json\/wp\/v2\/posts\/4800\/revisions"}],"predecessor-version":[{"id":4805,"href":"https:\/\/www.virtenio.com\/de\/wp-json\/wp\/v2\/posts\/4800\/revisions\/4805"}],"wp:featuredmedia":[{"embeddable":true,"href":"https:\/\/www.virtenio.com\/de\/wp-json\/wp\/v2\/media\/4801"}],"wp:attachment":[{"href":"https:\/\/www.virtenio.com\/de\/wp-json\/wp\/v2\/media?parent=4800"}],"wp:term":[{"taxonomy":"category","embeddable":true,"href":"https:\/\/www.virtenio.com\/de\/wp-json\/wp\/v2\/categories?post=4800"},{"taxonomy":"post_tag","embeddable":true,"href":"https:\/\/www.virtenio.com\/de\/wp-json\/wp\/v2\/tags?post=4800"}],"curies":[{"name":"wp","href":"https:\/\/api.w.org\/{rel}","templated":true}]}}