{"id":7107,"date":"2020-09-16T15:13:46","date_gmt":"2020-09-16T13:13:46","guid":{"rendered":"https:\/\/www.virtenio.com\/?p=7107"},"modified":"2021-01-07T08:24:24","modified_gmt":"2021-01-07T07:24:24","slug":"virtenio-stellt-neues-produkt-vor-co2-ampel-fuer-bessere-raumluft","status":"publish","type":"post","link":"https:\/\/www.virtenio.com\/de\/blog\/virtenio-stellt-neues-produkt-vor-co2-ampel-fuer-bessere-raumluft\/","title":{"rendered":"VIRTENIO stellt neues Produkt vor: CO2 Ampel f\u00fcr bessere Raumluft!"},"content":{"rendered":"<div class=\"fusion-fullwidth fullwidth-box fusion-builder-row-1 fusion-flex-container nonhundred-percent-fullwidth non-hundred-percent-height-scrolling\" style=\"--awb-border-radius-top-left:0px;--awb-border-radius-top-right:0px;--awb-border-radius-bottom-right:0px;--awb-border-radius-bottom-left:0px;--awb-flex-wrap:wrap;\" ><div class=\"fusion-builder-row fusion-row fusion-flex-align-items-flex-start fusion-flex-content-wrap\" style=\"max-width:1248px;margin-left: calc(-4% \/ 2 );margin-right: calc(-4% \/ 2 );\"><div class=\"fusion-layout-column fusion_builder_column fusion-builder-column-0 fusion_builder_column_1_2 1_2 fusion-flex-column\" style=\"--awb-bg-size:cover;--awb-width-large:50%;--awb-margin-top-large:0px;--awb-spacing-right-large:3.84%;--awb-margin-bottom-large:40px;--awb-spacing-left-large:3.84%;--awb-width-medium:100%;--awb-order-medium:0;--awb-spacing-right-medium:1.92%;--awb-spacing-left-medium:1.92%;--awb-width-small:100%;--awb-order-small:0;--awb-spacing-right-small:1.92%;--awb-spacing-left-small:1.92%;\"><div class=\"fusion-column-wrapper fusion-column-has-shadow fusion-flex-justify-content-flex-start fusion-content-layout-column\"><div class=\"fusion-image-element \" style=\"text-align:center;--awb-margin-top:30px;--awb-margin-bottom:30px;--awb-caption-title-font-family:var(--h2_typography-font-family);--awb-caption-title-font-weight:var(--h2_typography-font-weight);--awb-caption-title-font-style:var(--h2_typography-font-style);--awb-caption-title-size:var(--h2_typography-font-size);--awb-caption-title-transform:var(--h2_typography-text-transform);--awb-caption-title-line-height:var(--h2_typography-line-height);--awb-caption-title-letter-spacing:var(--h2_typography-letter-spacing);\"><span class=\" fusion-imageframe imageframe-none imageframe-1 hover-type-none\"><img decoding=\"async\" width=\"937\" height=\"703\" alt=\"VIRTENIO PreonCube CO2 Ampel\" title=\"VIRTENIO PreonCube CO2 Ampel\" src=\"https:\/\/www.virtenio.com\/wp-content\/uploads\/2020\/09\/VIRTENIO-PreonCube-CO2-Ampel.jpg\" data-orig-src=\"https:\/\/www.virtenio.com\/wp-content\/uploads\/2020\/09\/VIRTENIO-PreonCube-CO2-Ampel.jpg\" class=\"lazyload img-responsive wp-image-7108\" srcset=\"data:image\/svg+xml,%3Csvg%20xmlns%3D%27http%3A%2F%2Fwww.w3.org%2F2000%2Fsvg%27%20width%3D%27937%27%20height%3D%27703%27%20viewBox%3D%270%200%20937%20703%27%3E%3Crect%20width%3D%27937%27%20height%3D%27703%27%20fill-opacity%3D%220%22%2F%3E%3C%2Fsvg%3E\" data-srcset=\"https:\/\/www.virtenio.com\/wp-content\/uploads\/2020\/09\/VIRTENIO-PreonCube-CO2-Ampel-200x150.jpg 200w, https:\/\/www.virtenio.com\/wp-content\/uploads\/2020\/09\/VIRTENIO-PreonCube-CO2-Ampel-400x300.jpg 400w, https:\/\/www.virtenio.com\/wp-content\/uploads\/2020\/09\/VIRTENIO-PreonCube-CO2-Ampel-600x450.jpg 600w, https:\/\/www.virtenio.com\/wp-content\/uploads\/2020\/09\/VIRTENIO-PreonCube-CO2-Ampel-800x600.jpg 800w, https:\/\/www.virtenio.com\/wp-content\/uploads\/2020\/09\/VIRTENIO-PreonCube-CO2-Ampel.jpg 937w\" data-sizes=\"auto\" data-orig-sizes=\"(max-width: 1100px) 100vw, (max-width: 640px) 100vw, 600px\" \/><\/span><\/div><div style=\"text-align:center;\"><a class=\"fusion-button button-flat fusion-button-default-size button-custom fusion-button-default button-1 fusion-button-default-span fusion-button-default-type\" style=\"--button_accent_color:#ffffff;--button_accent_hover_color:#ffffff;--button_border_hover_color:#ffffff;--button_gradient_top_color:#00afe2;--button_gradient_bottom_color:#00afe2;--button_gradient_top_color_hover:#003778;--button_gradient_bottom_color_hover:#003778;\" target=\"_self\" href=\"https:\/\/www.virtenio.com\/de\/portfolio-items\/co2-ampel\/\"><span class=\"fusion-button-text awb-button__text awb-button__text--default\">zur CO2 Ampel Seite<\/span><\/a><\/div><\/div><\/div><div class=\"fusion-layout-column fusion_builder_column fusion-builder-column-1 fusion_builder_column_1_2 1_2 fusion-flex-column\" style=\"--awb-bg-size:cover;--awb-width-large:50%;--awb-margin-top-large:0px;--awb-spacing-right-large:3.84%;--awb-margin-bottom-large:40px;--awb-spacing-left-large:3.84%;--awb-width-medium:100%;--awb-order-medium:0;--awb-spacing-right-medium:1.92%;--awb-spacing-left-medium:1.92%;--awb-width-small:100%;--awb-order-small:0;--awb-spacing-right-small:1.92%;--awb-spacing-left-small:1.92%;\"><div class=\"fusion-column-wrapper fusion-column-has-shadow fusion-flex-justify-content-flex-start fusion-content-layout-column\"><div class=\"fusion-text fusion-text-1\"><p>Endlich ist Sie da: Die <a href=\"https:\/\/www.virtenio.com\/de\/portfolio-items\/co2-ampel\/\">CO2 Ampel f\u00fcr bessere Raumluft<\/a> von VIRTENIO! Damit regiert das Berliner Unternehmen auf die starke Marktnachfrage nach einer rundum sichtbaren Co2 Ampel. Mit Hilfe der Ampel lassen sich hohe CO2- und Aerosol-Konzentrationen in der Raumluft verringern indem zum richtigen Zeitpunkt und in der richtigen Dauer gel\u00fcftet wird. Eine Studie der TU Berlin hatte eine \u201eRisikobewertung von virenbeladenen Aerosolen anhand der CO2-Konzentration\u201c nachgewiesen.<\/p>\n<p>Wann und ob gel\u00fcftet werden soll, zeigt die PreonCube CO2 Ampel mit Ihren 3 gro\u00dfen Ampel-Leuchten an: Bei geringer CO2 Konzentration, unter 1000 ppm (ppm = Parts per Million \/ Teile Co2 pro 1 Million Teile Luft), leuchtet die Ampel gr\u00fcn. Steigt die CO2 Konzentration bis 1999ppm, signalisiert die Ampel dies mit gelbem Leuchten. Ab 2000ppm warnt Sie optisch mit roter Farbe. Zudem ert\u00f6nt auf Wunsch aber auch akustisch ein Signal, das ans L\u00fcften erinnert. Sind die Grenzwerte nicht passend, k\u00f6nnen diese auch durch den Kunden angepasst werden.<\/p>\n<p>Dar\u00fcber hinaus kann die Ampel per WLAN in ein vorhandenes Funknetz integriert werden und auf Wunsch die Daten in die VIRTENIO Cloud-Plattform \u00fcbertragen. Dort k\u00f6nnen dann sogar aus der Entfernung die VIRTENIO CO2 Ampeln per Web-Browser \u00fcberwacht und Raumluftg\u00fcte gemanagt werden. Erh\u00e4ltlich ist die CO2 Ampel ab sofort \u00fcber die Website von VIRTENIO.<\/p>\n<\/div><\/div><\/div><\/div><\/div>\n","protected":false},"excerpt":{"rendered":"","protected":false},"author":5,"featured_media":7108,"comment_status":"closed","ping_status":"closed","sticky":false,"template":"","format":"standard","meta":{"footnotes":""},"categories":[1],"tags":[],"class_list":["post-7107","post","type-post","status-publish","format-standard","has-post-thumbnail","hentry","category-aktuelles"],"_links":{"self":[{"href":"https:\/\/www.virtenio.com\/de\/wp-json\/wp\/v2\/posts\/7107","targetHints":{"allow":["GET"]}}],"collection":[{"href":"https:\/\/www.virtenio.com\/de\/wp-json\/wp\/v2\/posts"}],"about":[{"href":"https:\/\/www.virtenio.com\/de\/wp-json\/wp\/v2\/types\/post"}],"author":[{"embeddable":true,"href":"https:\/\/www.virtenio.com\/de\/wp-json\/wp\/v2\/users\/5"}],"replies":[{"embeddable":true,"href":"https:\/\/www.virtenio.com\/de\/wp-json\/wp\/v2\/comments?post=7107"}],"version-history":[{"count":14,"href":"https:\/\/www.virtenio.com\/de\/wp-json\/wp\/v2\/posts\/7107\/revisions"}],"predecessor-version":[{"id":7205,"href":"https:\/\/www.virtenio.com\/de\/wp-json\/wp\/v2\/posts\/7107\/revisions\/7205"}],"wp:featuredmedia":[{"embeddable":true,"href":"https:\/\/www.virtenio.com\/de\/wp-json\/wp\/v2\/media\/7108"}],"wp:attachment":[{"href":"https:\/\/www.virtenio.com\/de\/wp-json\/wp\/v2\/media?parent=7107"}],"wp:term":[{"taxonomy":"category","embeddable":true,"href":"https:\/\/www.virtenio.com\/de\/wp-json\/wp\/v2\/categories?post=7107"},{"taxonomy":"post_tag","embeddable":true,"href":"https:\/\/www.virtenio.com\/de\/wp-json\/wp\/v2\/tags?post=7107"}],"curies":[{"name":"wp","href":"https:\/\/api.w.org\/{rel}","templated":true}]}}