{"id":7300,"date":"2021-02-03T16:22:32","date_gmt":"2021-02-03T15:22:32","guid":{"rendered":"https:\/\/www.virtenio.com\/?p=7300"},"modified":"2021-11-15T16:28:21","modified_gmt":"2021-11-15T15:28:21","slug":"gruenes-licht-und-zufriedene-schulen-in-paderborn","status":"publish","type":"post","link":"https:\/\/www.virtenio.com\/de\/blog\/gruenes-licht-und-zufriedene-schulen-in-paderborn\/","title":{"rendered":"Gr\u00fcnes Licht und zufriedene Schulen in Paderborn"},"content":{"rendered":"<div class=\"fusion-fullwidth fullwidth-box fusion-builder-row-1 fusion-flex-container nonhundred-percent-fullwidth non-hundred-percent-height-scrolling\" style=\"--awb-border-radius-top-left:0px;--awb-border-radius-top-right:0px;--awb-border-radius-bottom-right:0px;--awb-border-radius-bottom-left:0px;--awb-flex-wrap:wrap;\" ><div class=\"fusion-builder-row fusion-row fusion-flex-align-items-flex-start fusion-flex-content-wrap\" style=\"max-width:1248px;margin-left: calc(-4% \/ 2 );margin-right: calc(-4% \/ 2 );\"><div class=\"fusion-layout-column fusion_builder_column fusion-builder-column-0 fusion_builder_column_1_2 1_2 fusion-flex-column\" style=\"--awb-bg-size:cover;--awb-width-large:50%;--awb-margin-top-large:0px;--awb-spacing-right-large:3.84%;--awb-margin-bottom-large:40px;--awb-spacing-left-large:3.84%;--awb-width-medium:100%;--awb-order-medium:0;--awb-spacing-right-medium:1.92%;--awb-spacing-left-medium:1.92%;--awb-width-small:100%;--awb-order-small:0;--awb-spacing-right-small:1.92%;--awb-spacing-left-small:1.92%;\"><div class=\"fusion-column-wrapper fusion-column-has-shadow fusion-flex-justify-content-flex-start fusion-content-layout-column\"><div class=\"fusion-image-element \" style=\"--awb-caption-title-font-family:var(--h2_typography-font-family);--awb-caption-title-font-weight:var(--h2_typography-font-weight);--awb-caption-title-font-style:var(--h2_typography-font-style);--awb-caption-title-size:var(--h2_typography-font-size);--awb-caption-title-transform:var(--h2_typography-text-transform);--awb-caption-title-line-height:var(--h2_typography-line-height);--awb-caption-title-letter-spacing:var(--h2_typography-letter-spacing);\"><span class=\" fusion-imageframe imageframe-none imageframe-1 hover-type-none\"><img decoding=\"async\" width=\"400\" height=\"400\" title=\"paderborn\" src=\"https:\/\/www.virtenio.com\/wp-content\/uploads\/2021\/03\/paderborn-1.jpg\" data-orig-src=\"https:\/\/www.virtenio.com\/wp-content\/uploads\/2021\/03\/paderborn-1.jpg\" alt class=\"lazyload img-responsive wp-image-7463\" srcset=\"data:image\/svg+xml,%3Csvg%20xmlns%3D%27http%3A%2F%2Fwww.w3.org%2F2000%2Fsvg%27%20width%3D%27400%27%20height%3D%27400%27%20viewBox%3D%270%200%20400%20400%27%3E%3Crect%20width%3D%27400%27%20height%3D%27400%27%20fill-opacity%3D%220%22%2F%3E%3C%2Fsvg%3E\" data-srcset=\"https:\/\/www.virtenio.com\/wp-content\/uploads\/2021\/03\/paderborn-1-200x200.jpg 200w, https:\/\/www.virtenio.com\/wp-content\/uploads\/2021\/03\/paderborn-1.jpg 400w\" data-sizes=\"auto\" data-orig-sizes=\"(max-width: 1100px) 100vw, (max-width: 640px) 100vw, 400px\" \/><\/span><\/div><div class=\"fusion-text fusion-text-1\"><p><span class=\"fp-image-info__caption\">Es gr\u00fcnt so gr\u00fcn im Reismann-Gymnasium: Bei Einbruch der Dunkelheit ist bereits von weitem zu sehen, dass Schulen mit den CO2-Ampeln ausgestattet sind. Die Farbe Gr\u00fcn signalisiert, dass die Luftqualit\u00e4t in Ordnung ist.<\/span> <span class=\"fp-image-info__source\">Foto: J\u00f6rn Hannemann<\/span><\/p>\n<\/div><\/div><\/div><div class=\"fusion-layout-column fusion_builder_column fusion-builder-column-1 fusion_builder_column_1_2 1_2 fusion-flex-column\" style=\"--awb-bg-size:cover;--awb-width-large:50%;--awb-margin-top-large:0px;--awb-spacing-right-large:3.84%;--awb-margin-bottom-large:40px;--awb-spacing-left-large:3.84%;--awb-width-medium:100%;--awb-order-medium:0;--awb-spacing-right-medium:1.92%;--awb-spacing-left-medium:1.92%;--awb-width-small:100%;--awb-order-small:0;--awb-spacing-right-small:1.92%;--awb-spacing-left-small:1.92%;\"><div class=\"fusion-column-wrapper fusion-column-has-shadow fusion-flex-justify-content-flex-start fusion-content-layout-column\"><div class=\"fusion-text fusion-text-2\"><p>Die Stadt Paderborn hat f\u00fcr s\u00e4mtliche Schulklassen, Fachr\u00e4ume und Kitas im Stadtgebiet CO2-Ampeln bestellt. Die Ger\u00e4te haben alle Tests der Fachgruppe und der Stadtverwaltung erf\u00fcllt.<\/p>\n<p>Die CO2-Ampeln von VIRTENIO erinnern Sch\u00fcler und Lehrer daran, dass die R\u00e4ume regelm\u00e4\u00dfig gel\u00fcftet werden. Die Erfahrungen im t\u00e4glichen Gebrauch sind durchweg positiv.<\/p>\n<p>Die Ger\u00e4te erfassen den CO2-Gehalt in der Luft des Raumes. Wie bei einer bekannten Ampel aus dem Stra\u00dfenverkehr leuchtet die CO2 Ampel von VRTENIO gr\u00fcn, solange Luft frisch ist. Erh\u00f6ht sich der Kohlendioxidanteil in der Raumluft, wechselt die Farbe der Ampel auf gelbe &#8211; zus\u00e4tzlich kann wird ein Signalton aktiviert, wenn sich die Luft weiter verschlechtert. Wird ein L\u00fcften durch Lehrer oder Sch\u00fcler einmal nicht rechtzeitig umgesetzt, kann die CO2-Ampel auch schon mal auf &#8222;rot&#8220; springen.<\/p>\n<p>Das Ger\u00e4t von VIRTENIO kennzeichnen sich durch die gute Sichtbarkeit und die p\u00e4dagogische Bauart als Ampel, die selbst von Kleinkindern und Schulkindern<br \/>\nversanden wird.<\/p>\n<p>Quelle: Westfalen-Blatt, <span class=\"fp-article-heading__date ld-date-replace\">03.02.2021, <a href=\"https:\/\/www.westfalen-blatt.de\/OWL\/Kreis-Paderborn\/Paderborn\/4357882-Neben-Schulen-sollen-in-Paderborn-Gruppenraeume-der-staedtischen-Kitas-fuer-zielgerichtetes-Lueften-ausgestattet-werden-Gruenes-Licht-fuer-CO2-Ampeln\" target=\"_blank\" rel=\"noopener\">Link<\/a><\/span><\/p>\n<\/div><\/div><\/div><\/div><\/div>\n","protected":false},"excerpt":{"rendered":"","protected":false},"author":3,"featured_media":7463,"comment_status":"closed","ping_status":"closed","sticky":false,"template":"","format":"standard","meta":{"footnotes":""},"categories":[1],"tags":[],"class_list":["post-7300","post","type-post","status-publish","format-standard","has-post-thumbnail","hentry","category-aktuelles"],"_links":{"self":[{"href":"https:\/\/www.virtenio.com\/de\/wp-json\/wp\/v2\/posts\/7300","targetHints":{"allow":["GET"]}}],"collection":[{"href":"https:\/\/www.virtenio.com\/de\/wp-json\/wp\/v2\/posts"}],"about":[{"href":"https:\/\/www.virtenio.com\/de\/wp-json\/wp\/v2\/types\/post"}],"author":[{"embeddable":true,"href":"https:\/\/www.virtenio.com\/de\/wp-json\/wp\/v2\/users\/3"}],"replies":[{"embeddable":true,"href":"https:\/\/www.virtenio.com\/de\/wp-json\/wp\/v2\/comments?post=7300"}],"version-history":[{"count":5,"href":"https:\/\/www.virtenio.com\/de\/wp-json\/wp\/v2\/posts\/7300\/revisions"}],"predecessor-version":[{"id":7467,"href":"https:\/\/www.virtenio.com\/de\/wp-json\/wp\/v2\/posts\/7300\/revisions\/7467"}],"wp:featuredmedia":[{"embeddable":true,"href":"https:\/\/www.virtenio.com\/de\/wp-json\/wp\/v2\/media\/7463"}],"wp:attachment":[{"href":"https:\/\/www.virtenio.com\/de\/wp-json\/wp\/v2\/media?parent=7300"}],"wp:term":[{"taxonomy":"category","embeddable":true,"href":"https:\/\/www.virtenio.com\/de\/wp-json\/wp\/v2\/categories?post=7300"},{"taxonomy":"post_tag","embeddable":true,"href":"https:\/\/www.virtenio.com\/de\/wp-json\/wp\/v2\/tags?post=7300"}],"curies":[{"name":"wp","href":"https:\/\/api.w.org\/{rel}","templated":true}]}}