{"id":7447,"date":"2021-11-12T16:06:39","date_gmt":"2021-11-12T15:06:39","guid":{"rendered":"https:\/\/www.virtenio.com\/?p=7447"},"modified":"2021-11-15T16:19:01","modified_gmt":"2021-11-15T15:19:01","slug":"co2-ampeln-fuer-die-gemeinde-fehrbellin","status":"publish","type":"post","link":"https:\/\/www.virtenio.com\/de\/blog\/co2-ampeln-fuer-die-gemeinde-fehrbellin\/","title":{"rendered":"MAZ: CO2-Ampeln f\u00fcr die Gemeinde Fehrbellin"},"content":{"rendered":"<div class=\"fusion-fullwidth fullwidth-box fusion-builder-row-1 fusion-flex-container nonhundred-percent-fullwidth non-hundred-percent-height-scrolling\" style=\"--awb-border-radius-top-left:0px;--awb-border-radius-top-right:0px;--awb-border-radius-bottom-right:0px;--awb-border-radius-bottom-left:0px;--awb-flex-wrap:wrap;\" ><div class=\"fusion-builder-row fusion-row fusion-flex-align-items-flex-start fusion-flex-content-wrap\" style=\"max-width:1248px;margin-left: calc(-4% \/ 2 );margin-right: calc(-4% \/ 2 );\"><div class=\"fusion-layout-column fusion_builder_column fusion-builder-column-0 fusion_builder_column_1_2 1_2 fusion-flex-column\" style=\"--awb-bg-size:cover;--awb-width-large:50%;--awb-margin-top-large:0px;--awb-spacing-right-large:3.84%;--awb-margin-bottom-large:40px;--awb-spacing-left-large:3.84%;--awb-width-medium:100%;--awb-order-medium:0;--awb-spacing-right-medium:1.92%;--awb-spacing-left-medium:1.92%;--awb-width-small:100%;--awb-order-small:0;--awb-spacing-right-small:1.92%;--awb-spacing-left-small:1.92%;\"><div class=\"fusion-column-wrapper fusion-column-has-shadow fusion-flex-justify-content-flex-start fusion-content-layout-column\"><div class=\"fusion-image-element \" style=\"--awb-caption-title-font-family:var(--h2_typography-font-family);--awb-caption-title-font-weight:var(--h2_typography-font-weight);--awb-caption-title-font-style:var(--h2_typography-font-style);--awb-caption-title-size:var(--h2_typography-font-size);--awb-caption-title-transform:var(--h2_typography-text-transform);--awb-caption-title-line-height:var(--h2_typography-line-height);--awb-caption-title-letter-spacing:var(--h2_typography-letter-spacing);\"><span class=\" fusion-imageframe imageframe-none imageframe-1 hover-type-none\"><img decoding=\"async\" width=\"380\" height=\"380\" title=\"Fehrbellin\" src=\"https:\/\/www.virtenio.com\/wp-content\/uploads\/2021\/11\/Fehrbellin.jpg\" data-orig-src=\"https:\/\/www.virtenio.com\/wp-content\/uploads\/2021\/11\/Fehrbellin.jpg\" alt class=\"lazyload img-responsive wp-image-7448\" srcset=\"data:image\/svg+xml,%3Csvg%20xmlns%3D%27http%3A%2F%2Fwww.w3.org%2F2000%2Fsvg%27%20width%3D%27380%27%20height%3D%27380%27%20viewBox%3D%270%200%20380%20380%27%3E%3Crect%20width%3D%27380%27%20height%3D%27380%27%20fill-opacity%3D%220%22%2F%3E%3C%2Fsvg%3E\" data-srcset=\"https:\/\/www.virtenio.com\/wp-content\/uploads\/2021\/11\/Fehrbellin-200x200.jpg 200w, https:\/\/www.virtenio.com\/wp-content\/uploads\/2021\/11\/Fehrbellin.jpg 380w\" data-sizes=\"auto\" data-orig-sizes=\"(max-width: 1100px) 100vw, (max-width: 640px) 100vw, 380px\" \/><\/span><\/div><div class=\"fusion-text fusion-text-1\"><p>Eine sogenannte Co2-Ampel leuchtet in einem Klassenraum gr\u00fcn. <span class=\"pdb-article-caption-copyright\" data-js-ajax-copyright=\"\">Quelle:\u00a0Hendrik Schmidt\/DPA<\/span><\/p>\n<\/div><\/div><\/div><div class=\"fusion-layout-column fusion_builder_column fusion-builder-column-1 fusion_builder_column_1_2 1_2 fusion-flex-column\" style=\"--awb-bg-size:cover;--awb-width-large:50%;--awb-margin-top-large:0px;--awb-spacing-right-large:3.84%;--awb-margin-bottom-large:40px;--awb-spacing-left-large:3.84%;--awb-width-medium:100%;--awb-order-medium:0;--awb-spacing-right-medium:1.92%;--awb-spacing-left-medium:1.92%;--awb-width-small:100%;--awb-order-small:0;--awb-spacing-right-small:1.92%;--awb-spacing-left-small:1.92%;\"><div class=\"fusion-column-wrapper fusion-column-has-shadow fusion-flex-justify-content-flex-start fusion-content-layout-column\"><div class=\"fusion-text fusion-text-2\"><p>Ab Montag, 15. November, k\u00f6nnen die Kitas, Horte und Schulen in der Gemeinde Fehrbellin mit CO2-Ampeln ausgestattet werden. Der B\u00fcrgermeister hatte die neue Technik bestellt, weil es vom Land keine Zusch\u00fcsse f\u00fcr mobile Luftfilter gibt.<\/p>\n<p>Quelle: M\u00e4rkische Allgemeine (MAZ), 12.11.2021, <a href=\"https:\/\/www.maz-online.de\/Lokales\/Ostprignitz-Ruppin\/Fehrbellin\/CO2-Ampeln-fuer-die-Gemeinde-Fehrbellin-Richtlinie-des-Landes-hilft-nicht\" target=\"_blank\" rel=\"noopener\">Link<\/a><\/p>\n<\/div><\/div><\/div><\/div><\/div>\n","protected":false},"excerpt":{"rendered":"","protected":false},"author":3,"featured_media":7448,"comment_status":"closed","ping_status":"closed","sticky":false,"template":"","format":"standard","meta":{"footnotes":""},"categories":[1],"tags":[],"class_list":["post-7447","post","type-post","status-publish","format-standard","has-post-thumbnail","hentry","category-aktuelles"],"_links":{"self":[{"href":"https:\/\/www.virtenio.com\/de\/wp-json\/wp\/v2\/posts\/7447","targetHints":{"allow":["GET"]}}],"collection":[{"href":"https:\/\/www.virtenio.com\/de\/wp-json\/wp\/v2\/posts"}],"about":[{"href":"https:\/\/www.virtenio.com\/de\/wp-json\/wp\/v2\/types\/post"}],"author":[{"embeddable":true,"href":"https:\/\/www.virtenio.com\/de\/wp-json\/wp\/v2\/users\/3"}],"replies":[{"embeddable":true,"href":"https:\/\/www.virtenio.com\/de\/wp-json\/wp\/v2\/comments?post=7447"}],"version-history":[{"count":6,"href":"https:\/\/www.virtenio.com\/de\/wp-json\/wp\/v2\/posts\/7447\/revisions"}],"predecessor-version":[{"id":9299,"href":"https:\/\/www.virtenio.com\/de\/wp-json\/wp\/v2\/posts\/7447\/revisions\/9299"}],"wp:featuredmedia":[{"embeddable":true,"href":"https:\/\/www.virtenio.com\/de\/wp-json\/wp\/v2\/media\/7448"}],"wp:attachment":[{"href":"https:\/\/www.virtenio.com\/de\/wp-json\/wp\/v2\/media?parent=7447"}],"wp:term":[{"taxonomy":"category","embeddable":true,"href":"https:\/\/www.virtenio.com\/de\/wp-json\/wp\/v2\/categories?post=7447"},{"taxonomy":"post_tag","embeddable":true,"href":"https:\/\/www.virtenio.com\/de\/wp-json\/wp\/v2\/tags?post=7447"}],"curies":[{"name":"wp","href":"https:\/\/api.w.org\/{rel}","templated":true}]}}